{"id":8527,"date":"2023-10-26T17:41:21","date_gmt":"2023-10-26T15:41:21","guid":{"rendered":"https:\/\/www.terredelmarchesato.com\/?p=8527"},"modified":"2023-10-26T17:41:21","modified_gmt":"2023-10-26T15:41:21","slug":"mini-verticale-von-aldone","status":"publish","type":"post","link":"https:\/\/www.terredelmarchesato.com\/de\/nachrichten\/mini-verticale-von-aldone\/","title":{"rendered":"WinesCritic: Entdecken Sie den Mini Verticale von Aldone"},"content":{"rendered":"<p>Raffaele Vecchione, der Weinkritiker und \u00d6nologe mit Leidenschaft f\u00fcr die Beschreibung des italienischen Territoriums, machte Halt in Terre del Marchesato. W\u00e4hrend seines Besuchs wurde eine Mini-Vertikale von<a href=\"https:\/\/www.terredelmarchesato.com\/vini-e-prodotti\/aldone\/\"> Aldone<\/a> verkostet, unserem Merlot, der eine Geschichte von Tradition und Hingabe darstellt.<\/p>\n<p>Aldone, erstmals im Jahr 2005 hergestellt, ist ein Wein, der etwa 18 Monate in franz\u00f6sischen Eichenf\u00e4ssern reift, was zu einer au\u00dfergew\u00f6hnlichen Komplexit\u00e4t f\u00fchrt. Die Trauben werden mit viel Liebe zum Detail von Hand geerntet und der Weinbereitungsprozess zeichnet sich durch Sorgfalt und Pr\u00e4zision aus.<\/p>\n<p>Die Verkostung der verschiedenen Jahrg\u00e4nge von Aldone offenbarte seine Entwicklung im Laufe der Zeit, wobei der Jahrgang 2016 als einer der besten hervorstach, die jemals produziert wurden. W\u00e4hrend der Verkostung hatte Vecchione auch Gelegenheit, den ersten Jahrgang von \u201eMaurizio Fuselli\u201c, den reinen Petit Verdot, zu probieren und dabei seine Pers\u00f6nlichkeit und Harmonie zu entdecken.<\/p>\n<p>Wir sind stolz, die Bewertungen der verkosteten Weine bekannt zu geben:<\/p>\n<p>Maurizio Fuselli 2016 \u2013 96 Punkte: Tief und komplex, mit gut integrierten Tanninen.<br \/>\nAldone 2016 \u2013 95 Punkte: Au\u00dfergew\u00f6hnlicher Merlot mit Reichtum und Komplexit\u00e4t.<br \/>\nAldone 2005 \u2013 93 Punkte: Ausgewogener und k\u00f6stlicher Wein, auch nach 17 Jahren.<br \/>\nAldone 2020 \u2013 93 Punkte: Ausdrucksstark und blumig, mit bei\u00dfenden Tanninen.<br \/>\nAldone 2022 \u2013 93 Punkte: Elegant und vielversprechend, mit Reifepotenzial.<\/p>\n<p>Um den vollst\u00e4ndigen Artikel von Raffaele Vecchione \u00fcber diesen au\u00dfergew\u00f6hnlichen Besuch in Terre del Marchesato und die Verkostung von Aldone-Weinen zu lesen, laden wir Sie ein, ihre Website zu besuchen: <a href=\"https:\/\/www.winescritic.com\/aldone-il-merlot-in-purezza-firmato-terre-del-marchesato\/\">WinesCritic<\/a>. Dort erfahren Sie ausf\u00fchrliche Details und alle spannenden Entdeckungen rund um dieses unvergessliche Weinerlebnis.<\/p>\n","protected":false},"excerpt":{"rendered":"<p>Raffaele Vecchione, der Weinkritiker und \u00d6nologe mit Leidenschaft f\u00fcr die Beschreibung des italienischen Territoriums, machte Halt in Terre del Marchesato. W\u00e4hrend seines Besuchs wurde eine [&hellip;]<\/p>\n","protected":false},"author":1782,"featured_media":8528,"comment_status":"closed","ping_status":"closed","sticky":false,"template":"","format":"standard","meta":{"_expiration-date-status":"","_expiration-date":0,"_expiration-date-type":"","_expiration-date-categories":[],"_expiration-date-options":[]},"categories":[18],"tags":[],"acf":[],"yoast_head":"<!-- This site is optimized with the Yoast SEO plugin v20.2.1 - https:\/\/yoast.com\/wordpress\/plugins\/seo\/ -->\n<title>WinesCritic: Entdecken Sie den Mini Verticale von Aldone Terre del Marchesato<\/title>\n<meta name=\"description\" content=\"Mini Verticale von Aldone\" \/>\n<meta name=\"robots\" content=\"index, follow, max-snippet:-1, max-image-preview:large, max-video-preview:-1\" \/>\n<link rel=\"canonical\" href=\"https:\/\/www.terredelmarchesato.com\/de\/nachrichten\/mini-verticale-von-aldone\/\" \/>\n<meta property=\"og:locale\" content=\"de_DE\" \/>\n<meta property=\"og:type\" content=\"article\" \/>\n<meta property=\"og:title\" content=\"WinesCritic: Entdecken Sie den Mini Verticale von Aldone Terre del Marchesato\" \/>\n<meta property=\"og:description\" content=\"Mini Verticale von Aldone\" \/>\n<meta property=\"og:url\" content=\"https:\/\/www.terredelmarchesato.com\/de\/nachrichten\/mini-verticale-von-aldone\/\" \/>\n<meta property=\"og:site_name\" content=\"Terre del Marchesato\" \/>\n<meta property=\"article:publisher\" content=\"https:\/\/www.facebook.com\/terredelmarchesato\/\" \/>\n<meta property=\"article:published_time\" content=\"2023-10-26T15:41:21+00:00\" \/>\n<meta property=\"og:image\" content=\"https:\/\/www.terredelmarchesato.com\/wp-content\/uploads\/2023\/10\/WinesCritic-Verticale_Aldone_DE.jpg\" \/>\n\t<meta property=\"og:image:width\" content=\"1080\" \/>\n\t<meta property=\"og:image:height\" content=\"1080\" \/>\n\t<meta property=\"og:image:type\" content=\"image\/jpeg\" \/>\n<meta name=\"author\" content=\"Gianna Doveri\" \/>\n<meta name=\"twitter:card\" content=\"summary_large_image\" \/>\n<meta name=\"twitter:creator\" content=\"@TerreMarchesato\" \/>\n<meta name=\"twitter:site\" content=\"@TerreMarchesato\" \/>\n<meta name=\"twitter:label1\" content=\"Verfasst von\" \/>\n\t<meta name=\"twitter:data1\" content=\"Gianna Doveri\" \/>\n\t<meta name=\"twitter:label2\" content=\"Gesch\u00e4tzte Lesezeit\" \/>\n\t<meta name=\"twitter:data2\" content=\"2 Minuten\" \/>\n<script type=\"application\/ld+json\" class=\"yoast-schema-graph\">{\"@context\":\"https:\/\/schema.org\",\"@graph\":[{\"@type\":\"WebPage\",\"@id\":\"https:\/\/www.terredelmarchesato.com\/de\/nachrichten\/mini-verticale-von-aldone\/\",\"url\":\"https:\/\/www.terredelmarchesato.com\/de\/nachrichten\/mini-verticale-von-aldone\/\",\"name\":\"WinesCritic: Entdecken Sie den Mini Verticale von Aldone Terre del Marchesato\",\"isPartOf\":{\"@id\":\"https:\/\/www.terredelmarchesato.com\/#website\"},\"datePublished\":\"2023-10-26T15:41:21+00:00\",\"dateModified\":\"2023-10-26T15:41:21+00:00\",\"author\":{\"@id\":\"https:\/\/www.terredelmarchesato.com\/#\/schema\/person\/1fa4d8772ad44d8b02118130ea59cffc\"},\"description\":\"Mini Verticale von Aldone\",\"breadcrumb\":{\"@id\":\"https:\/\/www.terredelmarchesato.com\/de\/nachrichten\/mini-verticale-von-aldone\/#breadcrumb\"},\"inLanguage\":\"de-DE\",\"potentialAction\":[{\"@type\":\"ReadAction\",\"target\":[\"https:\/\/www.terredelmarchesato.com\/de\/nachrichten\/mini-verticale-von-aldone\/\"]}]},{\"@type\":\"BreadcrumbList\",\"@id\":\"https:\/\/www.terredelmarchesato.com\/de\/nachrichten\/mini-verticale-von-aldone\/#breadcrumb\",\"itemListElement\":[{\"@type\":\"ListItem\",\"position\":1,\"name\":\"Nachrichten\",\"item\":\"https:\/\/www.terredelmarchesato.com\/de\/category\/nachrichten\/\"},{\"@type\":\"ListItem\",\"position\":2,\"name\":\"WinesCritic: Entdecken Sie den Mini Verticale von Aldone\"}]},{\"@type\":\"WebSite\",\"@id\":\"https:\/\/www.terredelmarchesato.com\/#website\",\"url\":\"https:\/\/www.terredelmarchesato.com\/\",\"name\":\"Terre del Marchesato\",\"description\":\"Famiglia Fuselli - Bolgheri\",\"potentialAction\":[{\"@type\":\"SearchAction\",\"target\":{\"@type\":\"EntryPoint\",\"urlTemplate\":\"https:\/\/www.terredelmarchesato.com\/?s={search_term_string}\"},\"query-input\":\"required name=search_term_string\"}],\"inLanguage\":\"de-DE\"},{\"@type\":\"Person\",\"@id\":\"https:\/\/www.terredelmarchesato.com\/#\/schema\/person\/1fa4d8772ad44d8b02118130ea59cffc\",\"name\":\"Gianna Doveri\",\"image\":{\"@type\":\"ImageObject\",\"inLanguage\":\"de-DE\",\"@id\":\"https:\/\/www.terredelmarchesato.com\/#\/schema\/person\/image\/\",\"url\":\"https:\/\/secure.gravatar.com\/avatar\/78d651b5ebf5942a4384ddfc8255cd9d?s=96&d=mm&r=g\",\"contentUrl\":\"https:\/\/secure.gravatar.com\/avatar\/78d651b5ebf5942a4384ddfc8255cd9d?s=96&d=mm&r=g\",\"caption\":\"Gianna Doveri\"}}]}<\/script>\n<!-- \/ Yoast SEO plugin. -->","yoast_head_json":{"title":"WinesCritic: Entdecken Sie den Mini Verticale von Aldone Terre del Marchesato","description":"Mini Verticale von Aldone","robots":{"index":"index","follow":"follow","max-snippet":"max-snippet:-1","max-image-preview":"max-image-preview:large","max-video-preview":"max-video-preview:-1"},"canonical":"https:\/\/www.terredelmarchesato.com\/de\/nachrichten\/mini-verticale-von-aldone\/","og_locale":"de_DE","og_type":"article","og_title":"WinesCritic: Entdecken Sie den Mini Verticale von Aldone Terre del Marchesato","og_description":"Mini Verticale von Aldone","og_url":"https:\/\/www.terredelmarchesato.com\/de\/nachrichten\/mini-verticale-von-aldone\/","og_site_name":"Terre del Marchesato","article_publisher":"https:\/\/www.facebook.com\/terredelmarchesato\/","article_published_time":"2023-10-26T15:41:21+00:00","og_image":[{"width":"1080","height":"1080","url":"https:\/\/www.terredelmarchesato.com\/wp-content\/uploads\/2023\/10\/WinesCritic-Verticale_Aldone_DE.jpg","type":"image\/jpeg"}],"author":"Gianna Doveri","twitter_card":"summary_large_image","twitter_creator":"@TerreMarchesato","twitter_site":"@TerreMarchesato","twitter_misc":{"Verfasst von":"Gianna Doveri","Gesch\u00e4tzte Lesezeit":"2 Minuten"},"schema":{"@context":"https:\/\/schema.org","@graph":[{"@type":"WebPage","@id":"https:\/\/www.terredelmarchesato.com\/de\/nachrichten\/mini-verticale-von-aldone\/","url":"https:\/\/www.terredelmarchesato.com\/de\/nachrichten\/mini-verticale-von-aldone\/","name":"WinesCritic: Entdecken Sie den Mini Verticale von Aldone Terre del Marchesato","isPartOf":{"@id":"https:\/\/www.terredelmarchesato.com\/#website"},"datePublished":"2023-10-26T15:41:21+00:00","dateModified":"2023-10-26T15:41:21+00:00","author":{"@id":"https:\/\/www.terredelmarchesato.com\/#\/schema\/person\/1fa4d8772ad44d8b02118130ea59cffc"},"description":"Mini Verticale von Aldone","breadcrumb":{"@id":"https:\/\/www.terredelmarchesato.com\/de\/nachrichten\/mini-verticale-von-aldone\/#breadcrumb"},"inLanguage":"de-DE","potentialAction":[{"@type":"ReadAction","target":["https:\/\/www.terredelmarchesato.com\/de\/nachrichten\/mini-verticale-von-aldone\/"]}]},{"@type":"BreadcrumbList","@id":"https:\/\/www.terredelmarchesato.com\/de\/nachrichten\/mini-verticale-von-aldone\/#breadcrumb","itemListElement":[{"@type":"ListItem","position":1,"name":"Nachrichten","item":"https:\/\/www.terredelmarchesato.com\/de\/category\/nachrichten\/"},{"@type":"ListItem","position":2,"name":"WinesCritic: Entdecken Sie den Mini Verticale von Aldone"}]},{"@type":"WebSite","@id":"https:\/\/www.terredelmarchesato.com\/#website","url":"https:\/\/www.terredelmarchesato.com\/","name":"Terre del Marchesato","description":"Famiglia Fuselli - Bolgheri","potentialAction":[{"@type":"SearchAction","target":{"@type":"EntryPoint","urlTemplate":"https:\/\/www.terredelmarchesato.com\/?s={search_term_string}"},"query-input":"required name=search_term_string"}],"inLanguage":"de-DE"},{"@type":"Person","@id":"https:\/\/www.terredelmarchesato.com\/#\/schema\/person\/1fa4d8772ad44d8b02118130ea59cffc","name":"Gianna Doveri","image":{"@type":"ImageObject","inLanguage":"de-DE","@id":"https:\/\/www.terredelmarchesato.com\/#\/schema\/person\/image\/","url":"https:\/\/secure.gravatar.com\/avatar\/78d651b5ebf5942a4384ddfc8255cd9d?s=96&d=mm&r=g","contentUrl":"https:\/\/secure.gravatar.com\/avatar\/78d651b5ebf5942a4384ddfc8255cd9d?s=96&d=mm&r=g","caption":"Gianna Doveri"}}]}},"_links":{"self":[{"href":"https:\/\/www.terredelmarchesato.com\/de\/wp-json\/wp\/v2\/posts\/8527"}],"collection":[{"href":"https:\/\/www.terredelmarchesato.com\/de\/wp-json\/wp\/v2\/posts"}],"about":[{"href":"https:\/\/www.terredelmarchesato.com\/de\/wp-json\/wp\/v2\/types\/post"}],"author":[{"embeddable":true,"href":"https:\/\/www.terredelmarchesato.com\/de\/wp-json\/wp\/v2\/users\/1782"}],"replies":[{"embeddable":true,"href":"https:\/\/www.terredelmarchesato.com\/de\/wp-json\/wp\/v2\/comments?post=8527"}],"version-history":[{"count":2,"href":"https:\/\/www.terredelmarchesato.com\/de\/wp-json\/wp\/v2\/posts\/8527\/revisions"}],"predecessor-version":[{"id":8536,"href":"https:\/\/www.terredelmarchesato.com\/de\/wp-json\/wp\/v2\/posts\/8527\/revisions\/8536"}],"wp:featuredmedia":[{"embeddable":true,"href":"https:\/\/www.terredelmarchesato.com\/de\/wp-json\/wp\/v2\/media\/8528"}],"wp:attachment":[{"href":"https:\/\/www.terredelmarchesato.com\/de\/wp-json\/wp\/v2\/media?parent=8527"}],"wp:term":[{"taxonomy":"category","embeddable":true,"href":"https:\/\/www.terredelmarchesato.com\/de\/wp-json\/wp\/v2\/categories?post=8527"},{"taxonomy":"post_tag","embeddable":true,"href":"https:\/\/www.terredelmarchesato.com\/de\/wp-json\/wp\/v2\/tags?post=8527"}],"curies":[{"name":"wp","href":"https:\/\/api.w.org\/{rel}","templated":true}]}}